{"id":1561,"date":"2021-05-01T15:11:33","date_gmt":"2021-05-01T15:11:33","guid":{"rendered":"https:\/\/www.sejour-culinair.fr\/?p=1561"},"modified":"2021-05-01T15:11:33","modified_gmt":"2021-05-01T15:11:33","slug":"changes-to-the-room-offer-per-may-1st-2021","status":"publish","type":"post","link":"https:\/\/www.sejour-culinair.fr\/de\/changes-to-the-room-offer-per-may-1st-2021\/","title":{"rendered":"\u00c4nderungen am Zimmerangebot"},"content":{"rendered":"<p>Per 1. Mai. Wir \u00e4ndern die Zimmer, die wir anbieten. Die \u00c4nderungen basieren auf den sich \u00e4ndernden Anforderungen unserer G\u00e4ste an die Hygiene und der Anzahl der Personen auf relativ kleinem Raum.<br \/>\nUm diesen Anforderungen gerecht zu werden, haben wir am 2. ein neues Schlafzimmer geschaffen, der sowohl ger\u00e4umig ist als auch den heutigen W\u00fcnschen nach Klarheit und Sauberkeit entspricht. Das Zimmer verf\u00fcgt \u00fcber einen Velux-Balkon, der einen herrlichen Blick auf die umliegende Landschaft bietet und das Erlebnis des Kontakts mit der Natur verbessert.<br \/>\nDie Klimaanlage erm\u00f6glicht eine angenehme Pr\u00e4senz in einer Umgebung, in der die Temperaturen tendenziell steigen. Die verbesserte Isolierung sorgt daf\u00fcr, dass dieser Raum sehr angenehm ist.<\/p>\n<p>Diese Neuentwicklung zwang uns, uns vom Dreibettzimmer zu verabschieden. Das Dreibettzimmer existiert noch, kann aber nicht mehr direkt \u00fcber das Internet reserviert werden. Bitte kontaktieren Sie uns, falls Sie die besonderen F\u00e4higkeiten des <a href=\"https:\/\/www.sejour-culinair.fr\/room-for-2-or-3-persons\/\" rel=\"noopener\" target=\"_blank\">Dreibettzimmers<\/a> ben\u00f6tigen.<\/p>","protected":false},"excerpt":{"rendered":"<p>Per 1. Mai. Wir \u00e4ndern die Zimmer, die wir anbieten. Die \u00c4nderungen basieren auf den sich \u00e4ndernden Anforderungen unserer G\u00e4ste an die Hygiene und der Anzahl der Personen auf relativ kleinem Raum. Um diesen Anforderungen gerecht zu werden, haben wir&#8230; <\/p>\n","protected":false},"author":1,"featured_media":1556,"comment_status":"closed","ping_status":"closed","sticky":false,"template":"","format":"standard","meta":[],"categories":[25,29],"tags":[],"_links":{"self":[{"href":"https:\/\/www.sejour-culinair.fr\/de\/wp-json\/wp\/v2\/posts\/1561"}],"collection":[{"href":"https:\/\/www.sejour-culinair.fr\/de\/wp-json\/wp\/v2\/posts"}],"about":[{"href":"https:\/\/www.sejour-culinair.fr\/de\/wp-json\/wp\/v2\/types\/post"}],"author":[{"embeddable":true,"href":"https:\/\/www.sejour-culinair.fr\/de\/wp-json\/wp\/v2\/users\/1"}],"replies":[{"embeddable":true,"href":"https:\/\/www.sejour-culinair.fr\/de\/wp-json\/wp\/v2\/comments?post=1561"}],"version-history":[{"count":9,"href":"https:\/\/www.sejour-culinair.fr\/de\/wp-json\/wp\/v2\/posts\/1561\/revisions"}],"predecessor-version":[{"id":1570,"href":"https:\/\/www.sejour-culinair.fr\/de\/wp-json\/wp\/v2\/posts\/1561\/revisions\/1570"}],"wp:featuredmedia":[{"embeddable":true,"href":"https:\/\/www.sejour-culinair.fr\/de\/wp-json\/wp\/v2\/media\/1556"}],"wp:attachment":[{"href":"https:\/\/www.sejour-culinair.fr\/de\/wp-json\/wp\/v2\/media?parent=1561"}],"wp:term":[{"taxonomy":"category","embeddable":true,"href":"https:\/\/www.sejour-culinair.fr\/de\/wp-json\/wp\/v2\/categories?post=1561"},{"taxonomy":"post_tag","embeddable":true,"href":"https:\/\/www.sejour-culinair.fr\/de\/wp-json\/wp\/v2\/tags?post=1561"}],"curies":[{"name":"wp","href":"https:\/\/api.w.org\/{rel}","templated":true}]}}