{"id":1085,"date":"2019-11-17T12:33:27","date_gmt":"2019-11-17T12:33:27","guid":{"rendered":"https:\/\/www.sejour-culinair.fr\/wordpress\/?p=1085"},"modified":"2019-11-18T09:39:35","modified_gmt":"2019-11-18T09:39:35","slug":"promotion","status":"publish","type":"post","link":"https:\/\/www.sejour-culinair.fr\/fr\/promotion\/","title":{"rendered":"Promotion prolong\u00e9e en raison du succ\u00e8s."},"content":{"rendered":"<p>S\u00e9journez deux nuits (ou plus) et b\u00e9n\u00e9ficiez de <strong>10% de r\u00e9duction<\/strong> sur le tarif de la chambre (petit-d\u00e9jeuner compris). Valable uniquement si r\u00e9serv\u00e9 via ce site. Cliquez sur le bouton ci-dessous pour v\u00e9rifier la disponibilit\u00e9 et r\u00e9server votre r\u00e9servation \u00e0 prix r\u00e9duit.<\/p>\n<p>\n<a class=\"read-more\" href=\"https:\/\/via.eviivo.com\/fr-FR\/lecuisinier63\/\" target=\"_blank\" rel=\"noopener noreferrer\">V\u00e9rifier la disponibilit\u00e9 <i class=\"fa fa-angle-right mideum\"><\/i><\/a>\n<\/p>\n<p><\/p>","protected":false},"excerpt":{"rendered":"<p>S\u00e9journez deux nuits (ou plus) et b\u00e9n\u00e9ficiez de 10% de r\u00e9duction sur le tarif de la chambre (petit-d\u00e9jeuner compris). Valable uniquement si r\u00e9serv\u00e9 via ce site. Cliquez sur le bouton ci-dessous pour v\u00e9rifier la disponibilit\u00e9 et r\u00e9server votre r\u00e9servation \u00e0&#8230; <\/p>\n","protected":false},"author":1,"featured_media":1022,"comment_status":"closed","ping_status":"closed","sticky":false,"template":"","format":"standard","meta":[],"categories":[25],"tags":[],"_links":{"self":[{"href":"https:\/\/www.sejour-culinair.fr\/fr\/wp-json\/wp\/v2\/posts\/1085"}],"collection":[{"href":"https:\/\/www.sejour-culinair.fr\/fr\/wp-json\/wp\/v2\/posts"}],"about":[{"href":"https:\/\/www.sejour-culinair.fr\/fr\/wp-json\/wp\/v2\/types\/post"}],"author":[{"embeddable":true,"href":"https:\/\/www.sejour-culinair.fr\/fr\/wp-json\/wp\/v2\/users\/1"}],"replies":[{"embeddable":true,"href":"https:\/\/www.sejour-culinair.fr\/fr\/wp-json\/wp\/v2\/comments?post=1085"}],"version-history":[{"count":0,"href":"https:\/\/www.sejour-culinair.fr\/fr\/wp-json\/wp\/v2\/posts\/1085\/revisions"}],"wp:featuredmedia":[{"embeddable":true,"href":"https:\/\/www.sejour-culinair.fr\/fr\/wp-json\/wp\/v2\/media\/1022"}],"wp:attachment":[{"href":"https:\/\/www.sejour-culinair.fr\/fr\/wp-json\/wp\/v2\/media?parent=1085"}],"wp:term":[{"taxonomy":"category","embeddable":true,"href":"https:\/\/www.sejour-culinair.fr\/fr\/wp-json\/wp\/v2\/categories?post=1085"},{"taxonomy":"post_tag","embeddable":true,"href":"https:\/\/www.sejour-culinair.fr\/fr\/wp-json\/wp\/v2\/tags?post=1085"}],"curies":[{"name":"wp","href":"https:\/\/api.w.org\/{rel}","templated":true}]}}