{"id":909,"date":"2018-03-02T14:25:03","date_gmt":"2018-03-02T14:25:03","guid":{"rendered":"http:\/\/www.sejour-culinair.fr\/wordpress\/?p=909"},"modified":"2018-03-02T14:25:03","modified_gmt":"2018-03-02T14:25:03","slug":"sporty-in-auvergne","status":"publish","type":"post","link":"https:\/\/www.sejour-culinair.fr\/fr\/sporty-in-auvergne\/","title":{"rendered":"Sportive en Auvergne."},"content":{"rendered":"<p>Un grand pourcentage de nos clients chez &lsquo;le cuisinier en Combraille&rsquo; ont plus que 50 ans. \u00c2ges quand l&rsquo;exercice sain est important, \u00e9galement (ou peut-\u00eatre plus) pendant les vacances. En 2018 nous voulons accorder une attention suppl\u00e9mentaire \u00e0 la sant\u00e9 ! Saine alimentation, exercice sain et bien s\u00fbr aussi se reposer et profiter. L&rsquo;Auvergne avec son air pur, son espace, ses routes tranquilles, ses sentiers, ses collines, ses montagnes, ses lacs et ses rivi\u00e8res vous invite !<br \/>\n<\/p>","protected":false},"excerpt":{"rendered":"<p>Un grand pourcentage de nos clients chez &lsquo;le cuisinier en Combraille&rsquo; ont plus que 50 ans. \u00c2ges quand l&rsquo;exercice sain est important, \u00e9galement (ou peut-\u00eatre plus) pendant les vacances. En 2018 nous voulons accorder une attention suppl\u00e9mentaire \u00e0 la sant\u00e9&#8230; <\/p>\n","protected":false},"author":1,"featured_media":907,"comment_status":"closed","ping_status":"closed","sticky":false,"template":"","format":"standard","meta":[],"categories":[1],"tags":[],"_links":{"self":[{"href":"https:\/\/www.sejour-culinair.fr\/fr\/wp-json\/wp\/v2\/posts\/909"}],"collection":[{"href":"https:\/\/www.sejour-culinair.fr\/fr\/wp-json\/wp\/v2\/posts"}],"about":[{"href":"https:\/\/www.sejour-culinair.fr\/fr\/wp-json\/wp\/v2\/types\/post"}],"author":[{"embeddable":true,"href":"https:\/\/www.sejour-culinair.fr\/fr\/wp-json\/wp\/v2\/users\/1"}],"replies":[{"embeddable":true,"href":"https:\/\/www.sejour-culinair.fr\/fr\/wp-json\/wp\/v2\/comments?post=909"}],"version-history":[{"count":0,"href":"https:\/\/www.sejour-culinair.fr\/fr\/wp-json\/wp\/v2\/posts\/909\/revisions"}],"wp:featuredmedia":[{"embeddable":true,"href":"https:\/\/www.sejour-culinair.fr\/fr\/wp-json\/wp\/v2\/media\/907"}],"wp:attachment":[{"href":"https:\/\/www.sejour-culinair.fr\/fr\/wp-json\/wp\/v2\/media?parent=909"}],"wp:term":[{"taxonomy":"category","embeddable":true,"href":"https:\/\/www.sejour-culinair.fr\/fr\/wp-json\/wp\/v2\/categories?post=909"},{"taxonomy":"post_tag","embeddable":true,"href":"https:\/\/www.sejour-culinair.fr\/fr\/wp-json\/wp\/v2\/tags?post=909"}],"curies":[{"name":"wp","href":"https:\/\/api.w.org\/{rel}","templated":true}]}}